{"id":3283,"date":"2020-02-25T22:36:01","date_gmt":"2020-02-25T21:36:01","guid":{"rendered":"http:\/\/www.santiagocasas.es\/index.php\/2020\/02\/25\/microsoft-abre-una-nueva-region-de-centros-de-datos-en-espana-y-amplia-la-colaboracion-estrategica-con-telefonica-para-impulsar-la-competitividad-en-el-pais-detalle-noti-cias-sala-de-prensa-t\/"},"modified":"2020-02-25T22:36:01","modified_gmt":"2020-02-25T21:36:01","slug":"microsoft-abre-una-nueva-region-de-centros-de-datos-en-espana-y-amplia-la-colaboracion-estrategica-con-telefonica-para-impulsar-la-competitividad-en-el-pais-detalle-noti-cias-sala-de-prensa-t","status":"publish","type":"post","link":"https:\/\/www.santiagocasas.es\/index.php\/2020\/02\/25\/microsoft-abre-una-nueva-region-de-centros-de-datos-en-espana-y-amplia-la-colaboracion-estrategica-con-telefonica-para-impulsar-la-competitividad-en-el-pais-detalle-noti-cias-sala-de-prensa-t\/","title":{"rendered":"Microsoft abre una nueva Regi\u00f3n de Centros de Datos en Espa\u00f1a y ampl\u00eda la colaboraci\u00f3n  estrat\u00e9gica con Telef\u00f3nica para impulsar la competitividad en el pa\u00eds | Detalle | Noti cias | Sala de Prensa | Telef\u00f3nica"},"content":{"rendered":"<p><img decoding=\"async\" width=\"200\" height=\"20\" src=\"https:\/\/www.telefonica.com\/telefonica-theme\/images\/dFront\/content\/bg-header.png\" alt=\"bg-header.png\" \/><\/p>\n<p><a href=\"https:\/\/www.telefonica.com\/es\/web\/sala-de-prensa\/-\/microsoft-abre-una-nueva-region-de-centros-de-datos-en-espana-y-amplia-la-colaboracion-estrategica-con-telefonica-para-impulsar-la-competitividad-en-e?utm_source=facebook&amp;utm_medium=relevance&amp;utm_content=tecnologia&amp;utm_term=cloud\">Microsoft abre una nueva Regi\u00f3n de Centros de Datos en Espa\u00f1a y ampl\u00eda la colaboraci\u00f3n estrat\u00e9gica con Telef\u00f3nica para impulsar la competitividad en el pa\u00eds | Detalle | Noticias | Sala de Prensa | Telef\u00f3nica<\/a><\/p>\n<p>Microsoft abrir\u00e1 una Regi\u00f3n de Centros de Datos en Espa\u00f1a para contribuir a acelerar la transformaci\u00f3n digital de las entidades p\u00fablicas y privadas de todos los tama\u00f1os, ayud\u00e1ndolas a innovar, crecer y migrar sus negocios a la nube de forma segura. Microsoft abrir\u00e1 una Regi\u00f3n de Centros de Datos en Espa\u00f1a para contribuir a acelerar la transformaci\u00f3n digital de las entidades p\u00fablicas y privadas de todos los tama\u00f1os, ayud\u00e1ndolas a innovar,&#8230;<\/p>\n<p><a href=\"https:\/\/www.telefonica.com\/es\/web\/sala-de-prensa\/-\/microsoft-abre-una-nueva-region-de-centros-de-datos-en-espana-y-amplia-la-colaboracion-estrategica-con-telefonica-para-impulsar-la-competitividad-en-e?utm_source=facebook&amp;utm_medium=relevance&amp;utm_content=tecnologia&amp;utm_term=cloud\">https:\/\/www.telefonica.com\/es\/web\/sala-de-prensa\/-\/microsoft-abre-una-nueva-region-de-centros-de-datos-en-espana-y-amplia-la-colaboracion-estrategica-con-telefonica-para-impulsar-la-competitividad-en-e?utm_source=facebook&amp;utm_medium=relevance&amp;utm_content=tecnologia&amp;utm_term=cloud<\/a><\/p>\n","protected":false},"excerpt":{"rendered":"<p>Microsoft abre una nueva Regi\u00f3n de Centros de Datos en Espa\u00f1a y ampl\u00eda la colaboraci\u00f3n estrat\u00e9gica con Telef\u00f3nica para impulsar la competitividad en el pa\u00eds | Detalle | Noticias | Sala de Prensa | Telef\u00f3nica Microsoft abrir\u00e1 una Regi\u00f3n de Centros de Datos en Espa\u00f1a para contribuir a acelerar la transformaci\u00f3n digital de las entidades&hellip;<a href=\"https:\/\/www.santiagocasas.es\/index.php\/2020\/02\/25\/microsoft-abre-una-nueva-region-de-centros-de-datos-en-espana-y-amplia-la-colaboracion-estrategica-con-telefonica-para-impulsar-la-competitividad-en-el-pais-detalle-noti-cias-sala-de-prensa-t\/\" class=\"more-link\">Contin\u00faa leyendo <span class=\"screen-reader-text\">Microsoft abre una nueva Regi\u00f3n de Centros de Datos en Espa\u00f1a y ampl\u00eda la colaboraci\u00f3n  estrat\u00e9gica con Telef\u00f3nica para impulsar la competitividad en el pa\u00eds | Detalle | Noti cias | Sala de Prensa | Telef\u00f3nica<\/span><\/a><\/p>\n","protected":false},"author":3,"featured_media":0,"comment_status":"closed","ping_status":"closed","sticky":false,"template":"","format":"standard","meta":{"footnotes":""},"categories":[1],"tags":[],"class_list":["post-3283","post","type-post","status-publish","format-standard","hentry","category-sin-categoria"],"_links":{"self":[{"href":"https:\/\/www.santiagocasas.es\/index.php\/wp-json\/wp\/v2\/posts\/3283","targetHints":{"allow":["GET"]}}],"collection":[{"href":"https:\/\/www.santiagocasas.es\/index.php\/wp-json\/wp\/v2\/posts"}],"about":[{"href":"https:\/\/www.santiagocasas.es\/index.php\/wp-json\/wp\/v2\/types\/post"}],"author":[{"embeddable":true,"href":"https:\/\/www.santiagocasas.es\/index.php\/wp-json\/wp\/v2\/users\/3"}],"replies":[{"embeddable":true,"href":"https:\/\/www.santiagocasas.es\/index.php\/wp-json\/wp\/v2\/comments?post=3283"}],"version-history":[{"count":0,"href":"https:\/\/www.santiagocasas.es\/index.php\/wp-json\/wp\/v2\/posts\/3283\/revisions"}],"wp:attachment":[{"href":"https:\/\/www.santiagocasas.es\/index.php\/wp-json\/wp\/v2\/media?parent=3283"}],"wp:term":[{"taxonomy":"category","embeddable":true,"href":"https:\/\/www.santiagocasas.es\/index.php\/wp-json\/wp\/v2\/categories?post=3283"},{"taxonomy":"post_tag","embeddable":true,"href":"https:\/\/www.santiagocasas.es\/index.php\/wp-json\/wp\/v2\/tags?post=3283"}],"curies":[{"name":"wp","href":"https:\/\/api.w.org\/{rel}","templated":true}]}}