{"id":3294,"date":"2020-03-11T09:42:28","date_gmt":"2020-03-11T08:42:28","guid":{"rendered":"http:\/\/www.santiagocasas.es\/index.php\/2020\/03\/11\/telefonica-ante-el-coronavirus\/"},"modified":"2020-03-11T09:42:28","modified_gmt":"2020-03-11T08:42:28","slug":"telefonica-ante-el-coronavirus","status":"publish","type":"post","link":"https:\/\/www.santiagocasas.es\/index.php\/2020\/03\/11\/telefonica-ante-el-coronavirus\/","title":{"rendered":"Telef\u00f3nica ante el Coronavirus"},"content":{"rendered":"<p><img decoding=\"async\" width=\"200\" height=\"67\" src=\"https:\/\/media-exp1.licdn.com\/dms\/image\/C4D12AQG9JgL1lnpmNw\/article-cover_image-shrink_600_2000\/0?e=1589414400&amp;v=beta&amp;t=WDlfJ-40AUgVR9qe_8qvR1XuF2OiBAKCYgOfUYr_jz0\" alt=\"0?e=1589414400&amp;v=beta&amp;t=WDlfJ-40AUgVR9qe_8qvR1XuF2OiBAKCYgOfUYr_jz0\" \/><\/p>\n<p><a href=\"https:\/\/www.linkedin.com\/pulse\/telef%C3%B3nica-ante-el-coronavirus-jos%C3%A9-mar%C3%ADa-%C3%A1lvarez-pallete\/?utm_source=facebook&amp;utm_medium=relevance&amp;utm_content=comunicacion&amp;utm_term=coronaviruspallete\">Telef\u00f3nica ante el Coronavirus<\/a><\/p>\n<p>Estamos viendo c\u00f3mo todas las esferas de la sociedad est\u00e1n siendo afectadas por la crisis del COVID-19. Desde el \u00e1mbito familiar al laboral, pasando desde luego por el sanitario y el econ\u00f3mico.<\/p>\n<p><a href=\"https:\/\/www.linkedin.com\/pulse\/telef%C3%B3nica-ante-el-coronavirus-jos%C3%A9-mar%C3%ADa-%C3%A1lvarez-pallete\/?utm_source=facebook&amp;utm_medium=relevance&amp;utm_content=comunicacion&amp;utm_term=coronaviruspallete\">https:\/\/www.linkedin.com\/pulse\/telef\u00f3nica-ante-el-coronavirus-jos\u00e9-mar\u00eda-\u00e1lvarez-pallete\/?utm_source=facebook&amp;utm_medium=relevance&amp;utm_content=comunicacion&amp;utm_term=coronaviruspallete<\/a><\/p>\n<p>Enviado desde <a href=\"https:\/\/go.microsoft.com\/fwlink\/?LinkId=550986\"> Correo<\/a> para Windows 10<\/p>\n","protected":false},"excerpt":{"rendered":"<p>Telef\u00f3nica ante el Coronavirus Estamos viendo c\u00f3mo todas las esferas de la sociedad est\u00e1n siendo afectadas por la crisis del COVID-19. Desde el \u00e1mbito familiar al laboral, pasando desde luego por el sanitario y el econ\u00f3mico. https:\/\/www.linkedin.com\/pulse\/telef\u00f3nica-ante-el-coronavirus-jos\u00e9-mar\u00eda-\u00e1lvarez-pallete\/?utm_source=facebook&amp;utm_medium=relevance&amp;utm_content=comunicacion&amp;utm_term=coronaviruspallete Enviado desde Correo para Windows 10<\/p>\n","protected":false},"author":3,"featured_media":0,"comment_status":"closed","ping_status":"closed","sticky":false,"template":"","format":"standard","meta":{"footnotes":""},"categories":[1],"tags":[],"class_list":["post-3294","post","type-post","status-publish","format-standard","hentry","category-sin-categoria"],"_links":{"self":[{"href":"https:\/\/www.santiagocasas.es\/index.php\/wp-json\/wp\/v2\/posts\/3294","targetHints":{"allow":["GET"]}}],"collection":[{"href":"https:\/\/www.santiagocasas.es\/index.php\/wp-json\/wp\/v2\/posts"}],"about":[{"href":"https:\/\/www.santiagocasas.es\/index.php\/wp-json\/wp\/v2\/types\/post"}],"author":[{"embeddable":true,"href":"https:\/\/www.santiagocasas.es\/index.php\/wp-json\/wp\/v2\/users\/3"}],"replies":[{"embeddable":true,"href":"https:\/\/www.santiagocasas.es\/index.php\/wp-json\/wp\/v2\/comments?post=3294"}],"version-history":[{"count":0,"href":"https:\/\/www.santiagocasas.es\/index.php\/wp-json\/wp\/v2\/posts\/3294\/revisions"}],"wp:attachment":[{"href":"https:\/\/www.santiagocasas.es\/index.php\/wp-json\/wp\/v2\/media?parent=3294"}],"wp:term":[{"taxonomy":"category","embeddable":true,"href":"https:\/\/www.santiagocasas.es\/index.php\/wp-json\/wp\/v2\/categories?post=3294"},{"taxonomy":"post_tag","embeddable":true,"href":"https:\/\/www.santiagocasas.es\/index.php\/wp-json\/wp\/v2\/tags?post=3294"}],"curies":[{"name":"wp","href":"https:\/\/api.w.org\/{rel}","templated":true}]}}