{"id":3306,"date":"2020-04-01T09:28:22","date_gmt":"2020-04-01T07:28:22","guid":{"rendered":"http:\/\/www.santiagocasas.es\/index.php\/2020\/04\/01\/la-app-y-el-estudio-de-movilidad-del-gobierno-contra-el-coronavirus-en-que-consisten-y-que-datos-recopilan-tecnol-ogia-el-pais\/"},"modified":"2020-04-01T09:28:22","modified_gmt":"2020-04-01T07:28:22","slug":"la-app-y-el-estudio-de-movilidad-del-gobierno-contra-el-coronavirus-en-que-consisten-y-que-datos-recopilan-tecnol-ogia-el-pais","status":"publish","type":"post","link":"https:\/\/www.santiagocasas.es\/index.php\/2020\/04\/01\/la-app-y-el-estudio-de-movilidad-del-gobierno-contra-el-coronavirus-en-que-consisten-y-que-datos-recopilan-tecnol-ogia-el-pais\/","title":{"rendered":"La app y el estudio de movilidad del Gobierno contra el coronavirus: en qu\u00e9 consisten y qu\u00e9 datos recopilan | Tecnol og\u00eda | EL PA\u00cdS"},"content":{"rendered":"<p><img decoding=\"async\" width=\"200\" height=\"134\" src=\"https:\/\/imagenes.elpais.com\/resizer\/2SFDS3ANFuhbm9YWlzdHzvxmLrY=\/1000x0\/arc-anglerfish-eu-central-1-prod-prisa.s3.amazonaws.com\/public\/U6ZWADBTFJCX3LQEKAQGSM34N4.aspx\" alt=\"U6ZWADBTFJCX3LQEKAQGSM34N4.aspx\" \/><\/p>\n<p><a href=\"https:\/\/elpais.com\/tecnologia\/2020-03-31\/la-app-y-el-estudio-de-movilidad-del-gobierno-contra-el-coronavirus-en-que-consisten-y-que-datos-recopilan.html?utm_source=Facebook&amp;ssm=FB_CM_TEC&amp;fbclid=IwAR3upA9SWea987WLn8GNODuyWKICGo3CMrQh84215x1q_Krh1mw8Vm375i0#Echobox=1585723544\">La app y el estudio de movilidad del Gobierno contra el coronavirus: en qu\u00e9 consisten y qu\u00e9 datos recopilan | Tecnolog\u00eda | EL PA\u00cdS<\/a><\/p>\n<p>La aplicaci\u00f3n geolocaliza al usuario para ofrecerle la informaci\u00f3n ajustada a su comunidad mientras que el rastreo de m\u00f3viles traza desplazamientos de los usuarios de forma an\u00f3nima<\/p>\n<p><a href=\"https:\/\/elpais.com\/tecnologia\/2020-03-31\/la-app-y-el-estudio-de-movilidad-del-gobierno-contra-el-coronavirus-en-que-consisten-y-que-datos-recopilan.html?utm_source=Facebook&amp;ssm=FB_CM_TEC&amp;fbclid=IwAR3upA9SWea987WLn8GNODuyWKICGo3CMrQh84215x1q_Krh1mw8Vm375i0#Echobox=1585723544\">https:\/\/elpais.com\/tecnologia\/2020-03-31\/la-app-y-el-estudio-de-movilidad-del-gobierno-contra-el-coronavirus-en-que-consisten-y-que-datos-recopilan.html?utm_source=Facebook&amp;ssm=FB_CM_TEC&amp;fbclid=IwAR3upA9SWea987WLn8GNODuyWKICGo3CMrQh84215x1q_Krh1mw8Vm375i0#Echobox=1585723544<\/a><\/p>\n","protected":false},"excerpt":{"rendered":"<p>La app y el estudio de movilidad del Gobierno contra el coronavirus: en qu\u00e9 consisten y qu\u00e9 datos recopilan | Tecnolog\u00eda | EL PA\u00cdS La aplicaci\u00f3n geolocaliza al usuario para ofrecerle la informaci\u00f3n ajustada a su comunidad mientras que el rastreo de m\u00f3viles traza desplazamientos de los usuarios de forma an\u00f3nima https:\/\/elpais.com\/tecnologia\/2020-03-31\/la-app-y-el-estudio-de-movilidad-del-gobierno-contra-el-coronavirus-en-que-consisten-y-que-datos-recopilan.html?utm_source=Facebook&amp;ssm=FB_CM_TEC&amp;fbclid=IwAR3upA9SWea987WLn8GNODuyWKICGo3CMrQh84215x1q_Krh1mw8Vm375i0#Echobox=1585723544<\/p>\n","protected":false},"author":3,"featured_media":0,"comment_status":"closed","ping_status":"closed","sticky":false,"template":"","format":"standard","meta":{"footnotes":""},"categories":[1],"tags":[],"class_list":["post-3306","post","type-post","status-publish","format-standard","hentry","category-sin-categoria"],"_links":{"self":[{"href":"https:\/\/www.santiagocasas.es\/index.php\/wp-json\/wp\/v2\/posts\/3306","targetHints":{"allow":["GET"]}}],"collection":[{"href":"https:\/\/www.santiagocasas.es\/index.php\/wp-json\/wp\/v2\/posts"}],"about":[{"href":"https:\/\/www.santiagocasas.es\/index.php\/wp-json\/wp\/v2\/types\/post"}],"author":[{"embeddable":true,"href":"https:\/\/www.santiagocasas.es\/index.php\/wp-json\/wp\/v2\/users\/3"}],"replies":[{"embeddable":true,"href":"https:\/\/www.santiagocasas.es\/index.php\/wp-json\/wp\/v2\/comments?post=3306"}],"version-history":[{"count":0,"href":"https:\/\/www.santiagocasas.es\/index.php\/wp-json\/wp\/v2\/posts\/3306\/revisions"}],"wp:attachment":[{"href":"https:\/\/www.santiagocasas.es\/index.php\/wp-json\/wp\/v2\/media?parent=3306"}],"wp:term":[{"taxonomy":"category","embeddable":true,"href":"https:\/\/www.santiagocasas.es\/index.php\/wp-json\/wp\/v2\/categories?post=3306"},{"taxonomy":"post_tag","embeddable":true,"href":"https:\/\/www.santiagocasas.es\/index.php\/wp-json\/wp\/v2\/tags?post=3306"}],"curies":[{"name":"wp","href":"https:\/\/api.w.org\/{rel}","templated":true}]}}