{"id":3311,"date":"2020-04-05T10:44:24","date_gmt":"2020-04-05T08:44:24","guid":{"rendered":"http:\/\/www.santiagocasas.es\/index.php\/2020\/04\/05\/tercera-edad-primera-videollamada-asi-se-vive-la-cuarentena-al-otro-lado-de-la-brecha-digital-tecnologia-el-pa-is\/"},"modified":"2020-04-05T10:44:24","modified_gmt":"2020-04-05T08:44:24","slug":"tercera-edad-primera-videollamada-asi-se-vive-la-cuarentena-al-otro-lado-de-la-brecha-digital-tecnologia-el-pa-is","status":"publish","type":"post","link":"https:\/\/www.santiagocasas.es\/index.php\/2020\/04\/05\/tercera-edad-primera-videollamada-asi-se-vive-la-cuarentena-al-otro-lado-de-la-brecha-digital-tecnologia-el-pa-is\/","title":{"rendered":"Tercera edad, primera videollamada: as\u00ed se vive la cuarentena al otro lado de la brecha digital | Tecnolog\u00eda | EL PA \u00cdS"},"content":{"rendered":"<p><img decoding=\"async\" width=\"200\" height=\"134\" src=\"https:\/\/imagenes.elpais.com\/resizer\/gwV6r8rleTt9duwoyXageu4OThg=\/1500x0\/arc-anglerfish-eu-central-1-prod-prisa.s3.amazonaws.com\/public\/MZLTO22JIFANJGYIRLMXFNJABQ.jpg\" alt=\"MZLTO22JIFANJGYIRLMXFNJABQ.jpg\" \/><\/p>\n<p><a href=\"https:\/\/elpais.com\/tecnologia\/2020-04-03\/tercera-edad-primera-videollamada-asi-se-vive-la-cuarentena-al-otro-lado-de-la-brecha-digital.html?utm_source=Facebook&amp;ssm=FB_CM_TEC&amp;fbclid=IwAR0Eyi7VmfyB1xL0Fn6UOCaEEo9cGK9yFPHTngX9COhvw7AmUvgwqSdPUYY#Echobox=1586053218\">Tercera edad, primera videollamada: as\u00ed se vive la cuarentena al otro lado de la brecha digital | Tecnolog\u00eda | EL PA\u00cdS<\/a><\/p>\n<p>Las limitaciones del aislamiento han obligado a las personas mayores hacer \u201cde la necesidad virtud\u201d y ponerse al d\u00eda con tecnolog\u00edas que les hab\u00edan dejado atr\u00e1s<\/p>\n<p><a href=\"https:\/\/elpais.com\/tecnologia\/2020-04-03\/tercera-edad-primera-videollamada-asi-se-vive-la-cuarentena-al-otro-lado-de-la-brecha-digital.html?utm_source=Facebook&amp;ssm=FB_CM_TEC&amp;fbclid=IwAR0Eyi7VmfyB1xL0Fn6UOCaEEo9cGK9yFPHTngX9COhvw7AmUvgwqSdPUYY#Echobox=1586053218\">https:\/\/elpais.com\/tecnologia\/2020-04-03\/tercera-edad-primera-videollamada-asi-se-vive-la-cuarentena-al-otro-lado-de-la-brecha-digital.html?utm_source=Facebook&amp;ssm=FB_CM_TEC&amp;fbclid=IwAR0Eyi7VmfyB1xL0Fn6UOCaEEo9cGK9yFPHTngX9COhvw7AmUvgwqSdPUYY#Echobox=1586053218<\/a><\/p>\n","protected":false},"excerpt":{"rendered":"<p>Tercera edad, primera videollamada: as\u00ed se vive la cuarentena al otro lado de la brecha digital | Tecnolog\u00eda | EL PA\u00cdS Las limitaciones del aislamiento han obligado a las personas mayores hacer \u201cde la necesidad virtud\u201d y ponerse al d\u00eda con tecnolog\u00edas que les hab\u00edan dejado atr\u00e1s https:\/\/elpais.com\/tecnologia\/2020-04-03\/tercera-edad-primera-videollamada-asi-se-vive-la-cuarentena-al-otro-lado-de-la-brecha-digital.html?utm_source=Facebook&amp;ssm=FB_CM_TEC&amp;fbclid=IwAR0Eyi7VmfyB1xL0Fn6UOCaEEo9cGK9yFPHTngX9COhvw7AmUvgwqSdPUYY#Echobox=1586053218<\/p>\n","protected":false},"author":3,"featured_media":0,"comment_status":"closed","ping_status":"closed","sticky":false,"template":"","format":"standard","meta":{"footnotes":""},"categories":[1],"tags":[],"class_list":["post-3311","post","type-post","status-publish","format-standard","hentry","category-sin-categoria"],"_links":{"self":[{"href":"https:\/\/www.santiagocasas.es\/index.php\/wp-json\/wp\/v2\/posts\/3311","targetHints":{"allow":["GET"]}}],"collection":[{"href":"https:\/\/www.santiagocasas.es\/index.php\/wp-json\/wp\/v2\/posts"}],"about":[{"href":"https:\/\/www.santiagocasas.es\/index.php\/wp-json\/wp\/v2\/types\/post"}],"author":[{"embeddable":true,"href":"https:\/\/www.santiagocasas.es\/index.php\/wp-json\/wp\/v2\/users\/3"}],"replies":[{"embeddable":true,"href":"https:\/\/www.santiagocasas.es\/index.php\/wp-json\/wp\/v2\/comments?post=3311"}],"version-history":[{"count":0,"href":"https:\/\/www.santiagocasas.es\/index.php\/wp-json\/wp\/v2\/posts\/3311\/revisions"}],"wp:attachment":[{"href":"https:\/\/www.santiagocasas.es\/index.php\/wp-json\/wp\/v2\/media?parent=3311"}],"wp:term":[{"taxonomy":"category","embeddable":true,"href":"https:\/\/www.santiagocasas.es\/index.php\/wp-json\/wp\/v2\/categories?post=3311"},{"taxonomy":"post_tag","embeddable":true,"href":"https:\/\/www.santiagocasas.es\/index.php\/wp-json\/wp\/v2\/tags?post=3311"}],"curies":[{"name":"wp","href":"https:\/\/api.w.org\/{rel}","templated":true}]}}