{"id":3320,"date":"2020-04-18T09:11:54","date_gmt":"2020-04-18T07:11:54","guid":{"rendered":"http:\/\/www.santiagocasas.es\/index.php\/2020\/04\/18\/los-ingenieros-no-estan-preparados-para-resolver-cuestiones-eticas-tendencias-el-pais-ret-ina\/"},"modified":"2020-04-18T09:11:54","modified_gmt":"2020-04-18T07:11:54","slug":"los-ingenieros-no-estan-preparados-para-resolver-cuestiones-eticas-tendencias-el-pais-ret-ina","status":"publish","type":"post","link":"https:\/\/www.santiagocasas.es\/index.php\/2020\/04\/18\/los-ingenieros-no-estan-preparados-para-resolver-cuestiones-eticas-tendencias-el-pais-ret-ina\/","title":{"rendered":"\u201cLos ingenieros no est\u00e1n preparados para resolver cuestiones \u00e9ticas\u201d | Tendencias | EL PA\u00cdS Ret ina"},"content":{"rendered":"<p><img decoding=\"async\" width=\"200\" height=\"116\" src=\"https:\/\/rt00.epimg.net\/retina\/imagenes\/2020\/02\/21\/tendencias\/1582304114_572478_1582304348_noticia_normal.jpg\" alt=\"1582304114_572478_1582304348_noticia_normal.jpg\" \/><\/p>\n<p><a href=\"https:\/\/retina.elpais.com\/retina\/2020\/02\/21\/tendencias\/1582304114_572478.html?utm_source=Facebook&amp;ssm=FB_CM_TEC&amp;fbclid=IwAR3J0s8lJjj7PbT3GqPICWl9ctSMJTq7nGf2Dp9aoQflvf0iMiu_6zKWNO4#Echobox=1587161967\">\u201cLos ingenieros no est\u00e1n preparados para resolver cuestiones \u00e9ticas\u201d | Tendencias | EL PA\u00cdS Retina<\/a><\/p>\n<p>Facebook le ha encargado a Joaqu\u00edn Qui\u00f1onero cerciorarse de que la inteligencia artificial usada por Facebook sea \u00e9tica y responsable. De perfil t\u00e9cnico, lo primero que ha hecho es sumar a su equipo fil\u00f3sofos, polit\u00f3logos y artistas.<\/p>\n<p><a href=\"https:\/\/retina.elpais.com\/retina\/2020\/02\/21\/tendencias\/1582304114_572478.html?utm_source=Facebook&amp;ssm=FB_CM_TEC&amp;fbclid=IwAR3J0s8lJjj7PbT3GqPICWl9ctSMJTq7nGf2Dp9aoQflvf0iMiu_6zKWNO4#Echobox=1587161967\">https:\/\/retina.elpais.com\/retina\/2020\/02\/21\/tendencias\/1582304114_572478.html?utm_source=Facebook&amp;ssm=FB_CM_TEC&amp;fbclid=IwAR3J0s8lJjj7PbT3GqPICWl9ctSMJTq7nGf2Dp9aoQflvf0iMiu_6zKWNO4#Echobox=1587161967<\/a><\/p>\n","protected":false},"excerpt":{"rendered":"<p>\u201cLos ingenieros no est\u00e1n preparados para resolver cuestiones \u00e9ticas\u201d | Tendencias | EL PA\u00cdS Retina Facebook le ha encargado a Joaqu\u00edn Qui\u00f1onero cerciorarse de que la inteligencia artificial usada por Facebook sea \u00e9tica y responsable. De perfil t\u00e9cnico, lo primero que ha hecho es sumar a su equipo fil\u00f3sofos, polit\u00f3logos y artistas. https:\/\/retina.elpais.com\/retina\/2020\/02\/21\/tendencias\/1582304114_572478.html?utm_source=Facebook&amp;ssm=FB_CM_TEC&amp;fbclid=IwAR3J0s8lJjj7PbT3GqPICWl9ctSMJTq7nGf2Dp9aoQflvf0iMiu_6zKWNO4#Echobox=1587161967<\/p>\n","protected":false},"author":3,"featured_media":0,"comment_status":"closed","ping_status":"closed","sticky":false,"template":"","format":"standard","meta":{"footnotes":""},"categories":[1],"tags":[],"class_list":["post-3320","post","type-post","status-publish","format-standard","hentry","category-sin-categoria"],"_links":{"self":[{"href":"https:\/\/www.santiagocasas.es\/index.php\/wp-json\/wp\/v2\/posts\/3320","targetHints":{"allow":["GET"]}}],"collection":[{"href":"https:\/\/www.santiagocasas.es\/index.php\/wp-json\/wp\/v2\/posts"}],"about":[{"href":"https:\/\/www.santiagocasas.es\/index.php\/wp-json\/wp\/v2\/types\/post"}],"author":[{"embeddable":true,"href":"https:\/\/www.santiagocasas.es\/index.php\/wp-json\/wp\/v2\/users\/3"}],"replies":[{"embeddable":true,"href":"https:\/\/www.santiagocasas.es\/index.php\/wp-json\/wp\/v2\/comments?post=3320"}],"version-history":[{"count":0,"href":"https:\/\/www.santiagocasas.es\/index.php\/wp-json\/wp\/v2\/posts\/3320\/revisions"}],"wp:attachment":[{"href":"https:\/\/www.santiagocasas.es\/index.php\/wp-json\/wp\/v2\/media?parent=3320"}],"wp:term":[{"taxonomy":"category","embeddable":true,"href":"https:\/\/www.santiagocasas.es\/index.php\/wp-json\/wp\/v2\/categories?post=3320"},{"taxonomy":"post_tag","embeddable":true,"href":"https:\/\/www.santiagocasas.es\/index.php\/wp-json\/wp\/v2\/tags?post=3320"}],"curies":[{"name":"wp","href":"https:\/\/api.w.org\/{rel}","templated":true}]}}