{"id":3322,"date":"2020-04-20T13:38:15","date_gmt":"2020-04-20T11:38:15","guid":{"rendered":"http:\/\/www.santiagocasas.es\/index.php\/2020\/04\/20\/movistar-activa-datos-ilimitados-sin-coste-adicional\/"},"modified":"2020-04-20T13:38:15","modified_gmt":"2020-04-20T11:38:15","slug":"movistar-activa-datos-ilimitados-sin-coste-adicional","status":"publish","type":"post","link":"https:\/\/www.santiagocasas.es\/index.php\/2020\/04\/20\/movistar-activa-datos-ilimitados-sin-coste-adicional\/","title":{"rendered":"Movistar activa datos ilimitados sin coste adicional"},"content":{"rendered":"<p><a href=\"https:\/\/comunidad.movistar.es\/t5\/Blog-Movisfera\/Movistar-activa-datos-ilimitados-a-m%C3%A1s-de-tres-millones-de\/ba-p\/4123726?utm_source=facebook&amp;utm_medium=soc&amp;utm_content=soc-facebook-comunidad&amp;utm_campaign=rrss-col&amp;tc_alt=4540&amp;fbclid=IwAR07uTC6GQgcXnHHvuRaxxUVXvDtL_L4snWV6pZv6XM-XPQ6AShwSPQ90Gw\">Movistar activa datos ilimitados sin coste adicional<\/a><\/p>\n<p>Madrid, 20 de abril de 2020.- \u201cLa sociedad necesita, hoy m\u00e1s que nunca, estar conectada y sin limitaciones, de manera infinita y con la seguridad de tener la mejor calidad de servicio posible\u201d. Con esta declaraci\u00f3n de intenciones el presidente de Telef\u00f3nica Espa\u00f1a, Emilio Gayo, en nombre de la compa&#8230;<\/p>\n<p><a href=\"https:\/\/comunidad.movistar.es\/t5\/Blog-Movisfera\/Movistar-activa-datos-ilimitados-a-m%C3%A1s-de-tres-millones-de\/ba-p\/4123726?utm_source=facebook&amp;utm_medium=soc&amp;utm_content=soc-facebook-comunidad&amp;utm_campaign=rrss-col&amp;tc_alt=4540&amp;fbclid=IwAR07uTC6GQgcXnHHvuRaxxUVXvDtL_L4snWV6pZv6XM-XPQ6AShwSPQ90Gw\">https:\/\/comunidad.movistar.es\/t5\/Blog-Movisfera\/Movistar-activa-datos-ilimitados-a-m\u00e1s-de-tres-millones-de\/ba-p\/4123726?utm_source=facebook&amp;utm_medium=soc&amp;utm_content=soc-facebook-comunidad&amp;utm_campaign=rrss-col&amp;tc_alt=4540&amp;fbclid=IwAR07uTC6GQgcXnHHvuRaxxUVXvDtL_L4snWV6pZv6XM-XPQ6AShwSPQ90Gw<\/a><\/p>\n","protected":false},"excerpt":{"rendered":"<p>Movistar activa datos ilimitados sin coste adicional Madrid, 20 de abril de 2020.- \u201cLa sociedad necesita, hoy m\u00e1s que nunca, estar conectada y sin limitaciones, de manera infinita y con la seguridad de tener la mejor calidad de servicio posible\u201d. Con esta declaraci\u00f3n de intenciones el presidente de Telef\u00f3nica Espa\u00f1a, Emilio Gayo, en nombre de&hellip;<a href=\"https:\/\/www.santiagocasas.es\/index.php\/2020\/04\/20\/movistar-activa-datos-ilimitados-sin-coste-adicional\/\" class=\"more-link\">Contin\u00faa leyendo <span class=\"screen-reader-text\">Movistar activa datos ilimitados sin coste adicional<\/span><\/a><\/p>\n","protected":false},"author":3,"featured_media":0,"comment_status":"closed","ping_status":"closed","sticky":false,"template":"","format":"standard","meta":{"footnotes":""},"categories":[1],"tags":[],"class_list":["post-3322","post","type-post","status-publish","format-standard","hentry","category-sin-categoria"],"_links":{"self":[{"href":"https:\/\/www.santiagocasas.es\/index.php\/wp-json\/wp\/v2\/posts\/3322","targetHints":{"allow":["GET"]}}],"collection":[{"href":"https:\/\/www.santiagocasas.es\/index.php\/wp-json\/wp\/v2\/posts"}],"about":[{"href":"https:\/\/www.santiagocasas.es\/index.php\/wp-json\/wp\/v2\/types\/post"}],"author":[{"embeddable":true,"href":"https:\/\/www.santiagocasas.es\/index.php\/wp-json\/wp\/v2\/users\/3"}],"replies":[{"embeddable":true,"href":"https:\/\/www.santiagocasas.es\/index.php\/wp-json\/wp\/v2\/comments?post=3322"}],"version-history":[{"count":0,"href":"https:\/\/www.santiagocasas.es\/index.php\/wp-json\/wp\/v2\/posts\/3322\/revisions"}],"wp:attachment":[{"href":"https:\/\/www.santiagocasas.es\/index.php\/wp-json\/wp\/v2\/media?parent=3322"}],"wp:term":[{"taxonomy":"category","embeddable":true,"href":"https:\/\/www.santiagocasas.es\/index.php\/wp-json\/wp\/v2\/categories?post=3322"},{"taxonomy":"post_tag","embeddable":true,"href":"https:\/\/www.santiagocasas.es\/index.php\/wp-json\/wp\/v2\/tags?post=3322"}],"curies":[{"name":"wp","href":"https:\/\/api.w.org\/{rel}","templated":true}]}}