{"id":3334,"date":"2020-05-07T20:59:47","date_gmt":"2020-05-07T18:59:47","guid":{"rendered":"http:\/\/www.santiagocasas.es\/index.php\/2020\/05\/07\/telefonica-sella-la-fusion-de-o2-con-virgin-media-en-uk-y-recibira-6-300-m\/"},"modified":"2020-05-07T20:59:47","modified_gmt":"2020-05-07T18:59:47","slug":"telefonica-sella-la-fusion-de-o2-con-virgin-media-en-uk-y-recibira-6-300-m","status":"publish","type":"post","link":"https:\/\/www.santiagocasas.es\/index.php\/2020\/05\/07\/telefonica-sella-la-fusion-de-o2-con-virgin-media-en-uk-y-recibira-6-300-m\/","title":{"rendered":"Telef\u00f3nica sella la fusi\u00f3n de O2 con Virgin Media en UK y recibir\u00e1 6.300 M"},"content":{"rendered":"<p><img decoding=\"async\" width=\"200\" height=\"106\" src=\"https:\/\/www.ecestaticos.com\/imagestatic\/clipping\/d65\/bd7\/d65bd7aabfa5025f1485a76fff97ef87\/telefonica-sella-la-fusion-de-o2-con-virgin-media-en-uk-y-recibira-6-300-m.jpg?mtime=1588865893\" alt=\"telefonica-sella-la-fusion-de-o2-con-virgin-media-en-uk-y-recibira-6-300-m.jpg?mtime=1588865893\" \/><\/p>\n<p><a href=\"https:\/\/www.elconfidencial.com\/empresas\/2020-05-07\/telefonica-sella-fusion-02-virgin-media-uk-6300-millones_2583575\/?fbclid=IwAR0e5b5WHVYpTzjSp3bPLJ1FNVAN9fF1ln9_uMz0Djkt8_kVWgDhZcm1NCU\">Telef\u00f3nica sella la fusi\u00f3n de O2 con Virgin Media en UK y recibir\u00e1 6.300 M <\/a><\/p>\n<p>El montante se usar\u00e1 principalmente para reducir los casi 38.000 millones de euros de deuda con los que la compa\u00f1\u00eda presidida por Jos\u00e9 Mar\u00eda \u00c1lvarez-Pallete cerr\u00f3 el ejercicio de 2019<\/p>\n<p><a href=\"https:\/\/www.elconfidencial.com\/empresas\/2020-05-07\/telefonica-sella-fusion-02-virgin-media-uk-6300-millones_2583575\/?fbclid=IwAR0e5b5WHVYpTzjSp3bPLJ1FNVAN9fF1ln9_uMz0Djkt8_kVWgDhZcm1NCU\">https:\/\/www.elconfidencial.com\/empresas\/2020-05-07\/telefonica-sella-fusion-02-virgin-media-uk-6300-millones_2583575\/?fbclid=IwAR0e5b5WHVYpTzjSp3bPLJ1FNVAN9fF1ln9_uMz0Djkt8_kVWgDhZcm1NCU<\/a><\/p>\n","protected":false},"excerpt":{"rendered":"<p>Telef\u00f3nica sella la fusi\u00f3n de O2 con Virgin Media en UK y recibir\u00e1 6.300 M El montante se usar\u00e1 principalmente para reducir los casi 38.000 millones de euros de deuda con los que la compa\u00f1\u00eda presidida por Jos\u00e9 Mar\u00eda \u00c1lvarez-Pallete cerr\u00f3 el ejercicio de 2019 https:\/\/www.elconfidencial.com\/empresas\/2020-05-07\/telefonica-sella-fusion-02-virgin-media-uk-6300-millones_2583575\/?fbclid=IwAR0e5b5WHVYpTzjSp3bPLJ1FNVAN9fF1ln9_uMz0Djkt8_kVWgDhZcm1NCU<\/p>\n","protected":false},"author":3,"featured_media":0,"comment_status":"closed","ping_status":"closed","sticky":false,"template":"","format":"standard","meta":{"footnotes":""},"categories":[1],"tags":[],"class_list":["post-3334","post","type-post","status-publish","format-standard","hentry","category-sin-categoria"],"_links":{"self":[{"href":"https:\/\/www.santiagocasas.es\/index.php\/wp-json\/wp\/v2\/posts\/3334","targetHints":{"allow":["GET"]}}],"collection":[{"href":"https:\/\/www.santiagocasas.es\/index.php\/wp-json\/wp\/v2\/posts"}],"about":[{"href":"https:\/\/www.santiagocasas.es\/index.php\/wp-json\/wp\/v2\/types\/post"}],"author":[{"embeddable":true,"href":"https:\/\/www.santiagocasas.es\/index.php\/wp-json\/wp\/v2\/users\/3"}],"replies":[{"embeddable":true,"href":"https:\/\/www.santiagocasas.es\/index.php\/wp-json\/wp\/v2\/comments?post=3334"}],"version-history":[{"count":0,"href":"https:\/\/www.santiagocasas.es\/index.php\/wp-json\/wp\/v2\/posts\/3334\/revisions"}],"wp:attachment":[{"href":"https:\/\/www.santiagocasas.es\/index.php\/wp-json\/wp\/v2\/media?parent=3334"}],"wp:term":[{"taxonomy":"category","embeddable":true,"href":"https:\/\/www.santiagocasas.es\/index.php\/wp-json\/wp\/v2\/categories?post=3334"},{"taxonomy":"post_tag","embeddable":true,"href":"https:\/\/www.santiagocasas.es\/index.php\/wp-json\/wp\/v2\/tags?post=3334"}],"curies":[{"name":"wp","href":"https:\/\/api.w.org\/{rel}","templated":true}]}}