{"id":3387,"date":"2020-08-08T09:49:29","date_gmt":"2020-08-08T07:49:29","guid":{"rendered":"http:\/\/www.santiagocasas.es\/index.php\/2020\/08\/08\/como-el-reconocimiento-facial-empezo-en-una-tableta-de-los-60-tendencias-el-pais-retina\/"},"modified":"2020-08-08T09:49:29","modified_gmt":"2020-08-08T07:49:29","slug":"como-el-reconocimiento-facial-empezo-en-una-tableta-de-los-60-tendencias-el-pais-retina","status":"publish","type":"post","link":"https:\/\/www.santiagocasas.es\/index.php\/2020\/08\/08\/como-el-reconocimiento-facial-empezo-en-una-tableta-de-los-60-tendencias-el-pais-retina\/","title":{"rendered":"C\u00f3mo el reconocimiento facial empez\u00f3 en una tableta de los 60 | Tendencias | EL PA\u00cdS Retina"},"content":{"rendered":"<p><img decoding=\"async\" width=\"200\" height=\"113\" src=\"https:\/\/rt02.epimg.net\/retina\/imagenes\/2020\/08\/06\/tendencias\/1596718301_894713_1596720022_noticia_fotograma.jpg\" alt=\"1596718301_894713_1596720022_noticia_fotograma.jpg\" \/><\/p>\n<p><a href=\"https:\/\/retina.elpais.com\/retina\/2020\/08\/06\/tendencias\/1596718301_894713.html?utm_source=Facebook&amp;ssm=FB_CM_TEC&amp;fbclid=IwAR0ZWV6G_G4ocQyBckm0cCx2R4mTN9HvWDA_cyBaczixGgqRMLRGFhuRFOM#Echobox=1596872162\">C\u00f3mo el reconocimiento facial empez\u00f3 en una tableta de los 60 | Tendencias | EL PA\u00cdS Retina<\/a><\/p>\n<p>Primera entrega de cuatro v\u00eddeos en los que repasaremos la historia, evoluci\u00f3n y funcionamiento de una controvertida tecnolog\u00eda cada vez m\u00e1s presente en nuestras vidas<\/p>\n<p><a href=\"https:\/\/retina.elpais.com\/retina\/2020\/08\/06\/tendencias\/1596718301_894713.html?utm_source=Facebook&amp;ssm=FB_CM_TEC&amp;fbclid=IwAR0ZWV6G_G4ocQyBckm0cCx2R4mTN9HvWDA_cyBaczixGgqRMLRGFhuRFOM#Echobox=1596872162\">https:\/\/retina.elpais.com\/retina\/2020\/08\/06\/tendencias\/1596718301_894713.html?utm_source=Facebook&amp;ssm=FB_CM_TEC&amp;fbclid=IwAR0ZWV6G_G4ocQyBckm0cCx2R4mTN9HvWDA_cyBaczixGgqRMLRGFhuRFOM#Echobox=1596872162<\/a><\/p>\n","protected":false},"excerpt":{"rendered":"<p>C\u00f3mo el reconocimiento facial empez\u00f3 en una tableta de los 60 | Tendencias | EL PA\u00cdS Retina Primera entrega de cuatro v\u00eddeos en los que repasaremos la historia, evoluci\u00f3n y funcionamiento de una controvertida tecnolog\u00eda cada vez m\u00e1s presente en nuestras vidas https:\/\/retina.elpais.com\/retina\/2020\/08\/06\/tendencias\/1596718301_894713.html?utm_source=Facebook&amp;ssm=FB_CM_TEC&amp;fbclid=IwAR0ZWV6G_G4ocQyBckm0cCx2R4mTN9HvWDA_cyBaczixGgqRMLRGFhuRFOM#Echobox=1596872162<\/p>\n","protected":false},"author":3,"featured_media":0,"comment_status":"closed","ping_status":"closed","sticky":false,"template":"","format":"standard","meta":{"footnotes":""},"categories":[1],"tags":[],"class_list":["post-3387","post","type-post","status-publish","format-standard","hentry","category-sin-categoria"],"_links":{"self":[{"href":"https:\/\/www.santiagocasas.es\/index.php\/wp-json\/wp\/v2\/posts\/3387","targetHints":{"allow":["GET"]}}],"collection":[{"href":"https:\/\/www.santiagocasas.es\/index.php\/wp-json\/wp\/v2\/posts"}],"about":[{"href":"https:\/\/www.santiagocasas.es\/index.php\/wp-json\/wp\/v2\/types\/post"}],"author":[{"embeddable":true,"href":"https:\/\/www.santiagocasas.es\/index.php\/wp-json\/wp\/v2\/users\/3"}],"replies":[{"embeddable":true,"href":"https:\/\/www.santiagocasas.es\/index.php\/wp-json\/wp\/v2\/comments?post=3387"}],"version-history":[{"count":0,"href":"https:\/\/www.santiagocasas.es\/index.php\/wp-json\/wp\/v2\/posts\/3387\/revisions"}],"wp:attachment":[{"href":"https:\/\/www.santiagocasas.es\/index.php\/wp-json\/wp\/v2\/media?parent=3387"}],"wp:term":[{"taxonomy":"category","embeddable":true,"href":"https:\/\/www.santiagocasas.es\/index.php\/wp-json\/wp\/v2\/categories?post=3387"},{"taxonomy":"post_tag","embeddable":true,"href":"https:\/\/www.santiagocasas.es\/index.php\/wp-json\/wp\/v2\/tags?post=3387"}],"curies":[{"name":"wp","href":"https:\/\/api.w.org\/{rel}","templated":true}]}}