{"id":3450,"date":"2020-11-25T11:51:33","date_gmt":"2020-11-25T10:51:33","guid":{"rendered":"http:\/\/www.santiagocasas.es\/index.php\/2020\/11\/25\/la-carta-de-derechos-digitales-la-autorregulacion-regulada-o-el-var-de-las-redes-sociales-tendencias-el-pais-retina\/"},"modified":"2020-11-25T11:51:33","modified_gmt":"2020-11-25T10:51:33","slug":"la-carta-de-derechos-digitales-la-autorregulacion-regulada-o-el-var-de-las-redes-sociales-tendencias-el-pais-retina","status":"publish","type":"post","link":"https:\/\/www.santiagocasas.es\/index.php\/2020\/11\/25\/la-carta-de-derechos-digitales-la-autorregulacion-regulada-o-el-var-de-las-redes-sociales-tendencias-el-pais-retina\/","title":{"rendered":"La Carta de Derechos Digitales: La \u2018autorregulaci\u00f3n regulada\u2019 o el VAR de las redes sociales | Tendencias  | EL PA\u00cdS Retina"},"content":{"rendered":"<p><img decoding=\"async\" width=\"200\" height=\"134\" src=\"https:\/\/rt00.epimg.net\/retina\/imagenes\/2020\/11\/24\/tendencias\/1606201028_355251_1606211508_noticia_normal.jpg\" alt=\"1606201028_355251_1606211508_noticia_normal.jpg\" \/><\/p>\n<p><a href=\"https:\/\/retina.elpais.com\/retina\/2020\/11\/24\/tendencias\/1606201028_355251.html?utm_source=Facebook&amp;ssm=FB_CM_TEC&amp;fbclid=IwAR1HPM7JbvRzhSI8NNP2IFgqU6UOXBjzEuWw2vlcphXYqMaNro4kVZl6Xb0#Echobox=1606291678\">La Carta de Derechos Digitales: La \u2018autorregulaci\u00f3n regulada\u2019 o el VAR de las redes sociales | Tendencias | EL PA\u00cdS Retina<\/a><\/p>\n<p>El Gobierno se ha apoyado en expertos para lanzar un texto que permita proteger a los usuarios de Internet. La mayor parte son derechos ya conocidos, aunque tambi\u00e9n hay nuevos que no est\u00e1n recogidos en la Constituci\u00f3n.<\/p>\n<p><a href=\"https:\/\/retina.elpais.com\/retina\/2020\/11\/24\/tendencias\/1606201028_355251.html?utm_source=Facebook&amp;ssm=FB_CM_TEC&amp;fbclid=IwAR1HPM7JbvRzhSI8NNP2IFgqU6UOXBjzEuWw2vlcphXYqMaNro4kVZl6Xb0#Echobox=1606291678\">https:\/\/retina.elpais.com\/retina\/2020\/11\/24\/tendencias\/1606201028_355251.html?utm_source=Facebook&amp;ssm=FB_CM_TEC&amp;fbclid=IwAR1HPM7JbvRzhSI8NNP2IFgqU6UOXBjzEuWw2vlcphXYqMaNro4kVZl6Xb0#Echobox=1606291678<\/a><\/p>\n","protected":false},"excerpt":{"rendered":"<p>La Carta de Derechos Digitales: La \u2018autorregulaci\u00f3n regulada\u2019 o el VAR de las redes sociales | Tendencias | EL PA\u00cdS Retina El Gobierno se ha apoyado en expertos para lanzar un texto que permita proteger a los usuarios de Internet. La mayor parte son derechos ya conocidos, aunque tambi\u00e9n hay nuevos que no est\u00e1n recogidos&hellip;<a href=\"https:\/\/www.santiagocasas.es\/index.php\/2020\/11\/25\/la-carta-de-derechos-digitales-la-autorregulacion-regulada-o-el-var-de-las-redes-sociales-tendencias-el-pais-retina\/\" class=\"more-link\">Contin\u00faa leyendo <span class=\"screen-reader-text\">La Carta de Derechos Digitales: La \u2018autorregulaci\u00f3n regulada\u2019 o el VAR de las redes sociales | Tendencias  | EL PA\u00cdS Retina<\/span><\/a><\/p>\n","protected":false},"author":3,"featured_media":0,"comment_status":"closed","ping_status":"closed","sticky":false,"template":"","format":"standard","meta":{"footnotes":""},"categories":[1],"tags":[],"class_list":["post-3450","post","type-post","status-publish","format-standard","hentry","category-sin-categoria"],"_links":{"self":[{"href":"https:\/\/www.santiagocasas.es\/index.php\/wp-json\/wp\/v2\/posts\/3450","targetHints":{"allow":["GET"]}}],"collection":[{"href":"https:\/\/www.santiagocasas.es\/index.php\/wp-json\/wp\/v2\/posts"}],"about":[{"href":"https:\/\/www.santiagocasas.es\/index.php\/wp-json\/wp\/v2\/types\/post"}],"author":[{"embeddable":true,"href":"https:\/\/www.santiagocasas.es\/index.php\/wp-json\/wp\/v2\/users\/3"}],"replies":[{"embeddable":true,"href":"https:\/\/www.santiagocasas.es\/index.php\/wp-json\/wp\/v2\/comments?post=3450"}],"version-history":[{"count":0,"href":"https:\/\/www.santiagocasas.es\/index.php\/wp-json\/wp\/v2\/posts\/3450\/revisions"}],"wp:attachment":[{"href":"https:\/\/www.santiagocasas.es\/index.php\/wp-json\/wp\/v2\/media?parent=3450"}],"wp:term":[{"taxonomy":"category","embeddable":true,"href":"https:\/\/www.santiagocasas.es\/index.php\/wp-json\/wp\/v2\/categories?post=3450"},{"taxonomy":"post_tag","embeddable":true,"href":"https:\/\/www.santiagocasas.es\/index.php\/wp-json\/wp\/v2\/tags?post=3450"}],"curies":[{"name":"wp","href":"https:\/\/api.w.org\/{rel}","templated":true}]}}