{"id":346,"date":"2016-09-03T12:11:45","date_gmt":"2016-09-03T10:11:45","guid":{"rendered":"http:\/\/www.santiagocasas.es\/index.php\/2016\/09\/03\/la-electronica-se-viste-de-diseno-en-berlin-tecnologia-el-pais\/"},"modified":"2016-09-08T00:00:38","modified_gmt":"2016-09-07T22:00:38","slug":"la-electronica-se-viste-de-diseno-en-berlin-tecnologia-el-pais","status":"publish","type":"post","link":"https:\/\/www.santiagocasas.es\/index.php\/2016\/09\/03\/la-electronica-se-viste-de-diseno-en-berlin-tecnologia-el-pais\/","title":{"rendered":"La electr\u00f3nica se viste de dise\u00f1o en Berl\u00edn | Tecnolog\u00eda | EL PA\u00cdS"},"content":{"rendered":"<p><a href=\"http:\/\/tecnologia.elpais.com\/tecnologia\/2016\/09\/02\/actualidad\/1472801037_940517.html\">http:\/\/tecnologia.elpais.com\/tecnologia\/2016\/09\/02\/actualidad\/1472801037_940517.html<\/a><\/p>\n","protected":false},"excerpt":{"rendered":"<p>http:\/\/tecnologia.elpais.com\/tecnologia\/2016\/09\/02\/actualidad\/1472801037_940517.html<\/p>\n","protected":false},"author":3,"featured_media":0,"comment_status":"open","ping_status":"open","sticky":false,"template":"","format":"standard","meta":{"footnotes":""},"categories":[9],"tags":[],"class_list":["post-346","post","type-post","status-publish","format-standard","hentry","category-tecnologia"],"_links":{"self":[{"href":"https:\/\/www.santiagocasas.es\/index.php\/wp-json\/wp\/v2\/posts\/346","targetHints":{"allow":["GET"]}}],"collection":[{"href":"https:\/\/www.santiagocasas.es\/index.php\/wp-json\/wp\/v2\/posts"}],"about":[{"href":"https:\/\/www.santiagocasas.es\/index.php\/wp-json\/wp\/v2\/types\/post"}],"author":[{"embeddable":true,"href":"https:\/\/www.santiagocasas.es\/index.php\/wp-json\/wp\/v2\/users\/3"}],"replies":[{"embeddable":true,"href":"https:\/\/www.santiagocasas.es\/index.php\/wp-json\/wp\/v2\/comments?post=346"}],"version-history":[{"count":1,"href":"https:\/\/www.santiagocasas.es\/index.php\/wp-json\/wp\/v2\/posts\/346\/revisions"}],"predecessor-version":[{"id":389,"href":"https:\/\/www.santiagocasas.es\/index.php\/wp-json\/wp\/v2\/posts\/346\/revisions\/389"}],"wp:attachment":[{"href":"https:\/\/www.santiagocasas.es\/index.php\/wp-json\/wp\/v2\/media?parent=346"}],"wp:term":[{"taxonomy":"category","embeddable":true,"href":"https:\/\/www.santiagocasas.es\/index.php\/wp-json\/wp\/v2\/categories?post=346"},{"taxonomy":"post_tag","embeddable":true,"href":"https:\/\/www.santiagocasas.es\/index.php\/wp-json\/wp\/v2\/tags?post=346"}],"curies":[{"name":"wp","href":"https:\/\/api.w.org\/{rel}","templated":true}]}}