{"id":3461,"date":"2021-01-07T11:40:47","date_gmt":"2021-01-07T10:40:47","guid":{"rendered":"http:\/\/www.santiagocasas.es\/index.php\/2021\/01\/07\/twitter-facebook-e-instagram-bloquean-la-cuenta-de-trump-tras-el-asalto-al-capitolio-verne-mexico-el-pais\/"},"modified":"2021-01-07T11:40:47","modified_gmt":"2021-01-07T10:40:47","slug":"twitter-facebook-e-instagram-bloquean-la-cuenta-de-trump-tras-el-asalto-al-capitolio-verne-mexico-el-pais","status":"publish","type":"post","link":"https:\/\/www.santiagocasas.es\/index.php\/2021\/01\/07\/twitter-facebook-e-instagram-bloquean-la-cuenta-de-trump-tras-el-asalto-al-capitolio-verne-mexico-el-pais\/","title":{"rendered":"Twitter, Facebook e Instagram bloquean la cuenta de Trump tras el asalto al Capitolio | Verne M\u00e9xico EL PA\u00cdS"},"content":{"rendered":"<p><img decoding=\"async\" width=\"200\" height=\"143\" src=\"https:\/\/ep01.epimg.net\/verne\/imagenes\/2021\/01\/07\/mexico\/1609980198_796734_1609980542_noticia_normal.jpg\" alt=\"1609980198_796734_1609980542_noticia_normal.jpg\" \/><\/p>\n<p><a href=\"https:\/\/verne.elpais.com\/verne\/2021\/01\/07\/mexico\/1609980198_796734.html\">Twitter, Facebook e Instagram bloquean la cuenta de Trump tras el asalto al Capitolio | Verne M\u00e9xico EL PA\u00cdS<\/a><\/p>\n<p>Las redes sociales retiraron los \u00faltimos mensajes del presidente para disminuir el riesgo de violencia .<\/p>\n<p><a href=\"https:\/\/verne.elpais.com\/verne\/2021\/01\/07\/mexico\/1609980198_796734.html\">https:\/\/verne.elpais.com\/verne\/2021\/01\/07\/mexico\/1609980198_796734.html<\/a><\/p>\n","protected":false},"excerpt":{"rendered":"<p>Twitter, Facebook e Instagram bloquean la cuenta de Trump tras el asalto al Capitolio | Verne M\u00e9xico EL PA\u00cdS Las redes sociales retiraron los \u00faltimos mensajes del presidente para disminuir el riesgo de violencia . https:\/\/verne.elpais.com\/verne\/2021\/01\/07\/mexico\/1609980198_796734.html<\/p>\n","protected":false},"author":3,"featured_media":0,"comment_status":"closed","ping_status":"closed","sticky":false,"template":"","format":"standard","meta":{"footnotes":""},"categories":[1],"tags":[],"class_list":["post-3461","post","type-post","status-publish","format-standard","hentry","category-sin-categoria"],"_links":{"self":[{"href":"https:\/\/www.santiagocasas.es\/index.php\/wp-json\/wp\/v2\/posts\/3461","targetHints":{"allow":["GET"]}}],"collection":[{"href":"https:\/\/www.santiagocasas.es\/index.php\/wp-json\/wp\/v2\/posts"}],"about":[{"href":"https:\/\/www.santiagocasas.es\/index.php\/wp-json\/wp\/v2\/types\/post"}],"author":[{"embeddable":true,"href":"https:\/\/www.santiagocasas.es\/index.php\/wp-json\/wp\/v2\/users\/3"}],"replies":[{"embeddable":true,"href":"https:\/\/www.santiagocasas.es\/index.php\/wp-json\/wp\/v2\/comments?post=3461"}],"version-history":[{"count":0,"href":"https:\/\/www.santiagocasas.es\/index.php\/wp-json\/wp\/v2\/posts\/3461\/revisions"}],"wp:attachment":[{"href":"https:\/\/www.santiagocasas.es\/index.php\/wp-json\/wp\/v2\/media?parent=3461"}],"wp:term":[{"taxonomy":"category","embeddable":true,"href":"https:\/\/www.santiagocasas.es\/index.php\/wp-json\/wp\/v2\/categories?post=3461"},{"taxonomy":"post_tag","embeddable":true,"href":"https:\/\/www.santiagocasas.es\/index.php\/wp-json\/wp\/v2\/tags?post=3461"}],"curies":[{"name":"wp","href":"https:\/\/api.w.org\/{rel}","templated":true}]}}