{"id":3611,"date":"2021-06-06T10:01:02","date_gmt":"2021-06-06T08:01:02","guid":{"rendered":"https:\/\/www.santiagocasas.es\/index.php\/2021\/06\/06\/expedido-el-primer-dni-europeo-asi-sera-el-carnet-de-identidad-obligatorio-desde-agosto\/"},"modified":"2021-06-06T10:01:02","modified_gmt":"2021-06-06T08:01:02","slug":"expedido-el-primer-dni-europeo-asi-sera-el-carnet-de-identidad-obligatorio-desde-agosto","status":"publish","type":"post","link":"https:\/\/www.santiagocasas.es\/index.php\/2021\/06\/06\/expedido-el-primer-dni-europeo-asi-sera-el-carnet-de-identidad-obligatorio-desde-agosto\/","title":{"rendered":"Expedido el primer DNI europeo: as\u00ed ser\u00e1 el carnet de identidad obligatorio desde agosto"},"content":{"rendered":"<p><img decoding=\"async\" width=\"200\" height=\"151\" src=\"https:\/\/www.ecestaticos.com\/image\/clipping\/48\/36\/2b2d50bcd9d1ecabcb60e5c361567d31\/expedido-el-primer-dni-europeo-asi-sera-el-carne-de-identidad-obligatorio-desde-agosto.jpg\" alt=\"expedido-el-primer-dni-europeo-asi-sera-el-carne-de-identidad-obligatorio-desde-agosto.jpg\" \/><\/p>\n<p><a href=\"https:\/\/www.elconfidencial.com\/espana\/2021-06-04\/dni-europeo-carnet-identidad-cambios_3115523\/?utm_source=facebook&amp;utm_medium=social&amp;utm_campaign=ECDiarioManual&amp;fbclid=IwAR1ZUFQ4zgc3zNHtGJMm9VBxa-n4EZNASd3uq4I803EtLBldG3St2uXFpSg\">Expedido el primer DNI europeo: as\u00ed ser\u00e1 el carnet de identidad obligatorio desde agosto<\/a><\/p>\n<p>La mayor\u00eda de los DNI se actualizar\u00e1n en cuanto expiren (a m\u00e1s tardar el 3 de agosto de 2031) y tendr\u00e1n una validez m\u00ednima de cinco a\u00f1os<\/p>\n<p><a href=\"https:\/\/www.elconfidencial.com\/espana\/2021-06-04\/dni-europeo-carnet-identidad-cambios_3115523\/?utm_source=facebook&amp;utm_medium=social&amp;utm_campaign=ECDiarioManual&amp;fbclid=IwAR1ZUFQ4zgc3zNHtGJMm9VBxa-n4EZNASd3uq4I803EtLBldG3St2uXFpSg\">https:\/\/www.elconfidencial.com\/espana\/2021-06-04\/dni-europeo-carnet-identidad-cambios_3115523\/?utm_source=facebook&amp;utm_medium=social&amp;utm_campaign=ECDiarioManual&amp;fbclid=IwAR1ZUFQ4zgc3zNHtGJMm9VBxa-n4EZNASd3uq4I803EtLBldG3St2uXFpSg<\/a><\/p>\n","protected":false},"excerpt":{"rendered":"<p>Expedido el primer DNI europeo: as\u00ed ser\u00e1 el carnet de identidad obligatorio desde agosto La mayor\u00eda de los DNI se actualizar\u00e1n en cuanto expiren (a m\u00e1s tardar el 3 de agosto de 2031) y tendr\u00e1n una validez m\u00ednima de cinco a\u00f1os https:\/\/www.elconfidencial.com\/espana\/2021-06-04\/dni-europeo-carnet-identidad-cambios_3115523\/?utm_source=facebook&amp;utm_medium=social&amp;utm_campaign=ECDiarioManual&amp;fbclid=IwAR1ZUFQ4zgc3zNHtGJMm9VBxa-n4EZNASd3uq4I803EtLBldG3St2uXFpSg<\/p>\n","protected":false},"author":3,"featured_media":0,"comment_status":"","ping_status":"","sticky":false,"template":"","format":"standard","meta":{"footnotes":""},"categories":[1],"tags":[],"class_list":["post-3611","post","type-post","status-publish","format-standard","hentry","category-sin-categoria"],"_links":{"self":[{"href":"https:\/\/www.santiagocasas.es\/index.php\/wp-json\/wp\/v2\/posts\/3611","targetHints":{"allow":["GET"]}}],"collection":[{"href":"https:\/\/www.santiagocasas.es\/index.php\/wp-json\/wp\/v2\/posts"}],"about":[{"href":"https:\/\/www.santiagocasas.es\/index.php\/wp-json\/wp\/v2\/types\/post"}],"author":[{"embeddable":true,"href":"https:\/\/www.santiagocasas.es\/index.php\/wp-json\/wp\/v2\/users\/3"}],"replies":[{"embeddable":true,"href":"https:\/\/www.santiagocasas.es\/index.php\/wp-json\/wp\/v2\/comments?post=3611"}],"version-history":[{"count":0,"href":"https:\/\/www.santiagocasas.es\/index.php\/wp-json\/wp\/v2\/posts\/3611\/revisions"}],"wp:attachment":[{"href":"https:\/\/www.santiagocasas.es\/index.php\/wp-json\/wp\/v2\/media?parent=3611"}],"wp:term":[{"taxonomy":"category","embeddable":true,"href":"https:\/\/www.santiagocasas.es\/index.php\/wp-json\/wp\/v2\/categories?post=3611"},{"taxonomy":"post_tag","embeddable":true,"href":"https:\/\/www.santiagocasas.es\/index.php\/wp-json\/wp\/v2\/tags?post=3611"}],"curies":[{"name":"wp","href":"https:\/\/api.w.org\/{rel}","templated":true}]}}