{"id":3853,"date":"2021-09-05T11:00:46","date_gmt":"2021-09-05T09:00:46","guid":{"rendered":"https:\/\/www.santiagocasas.es\/index.php\/2021\/09\/05\/por-que-no-deberias-usar-la-carga-rapida-de-tu-movil-por-la-noche-tecnologia-computerhoy-com\/"},"modified":"2021-09-05T11:00:46","modified_gmt":"2021-09-05T09:00:46","slug":"por-que-no-deberias-usar-la-carga-rapida-de-tu-movil-por-la-noche-tecnologia-computerhoy-com","status":"publish","type":"post","link":"https:\/\/www.santiagocasas.es\/index.php\/2021\/09\/05\/por-que-no-deberias-usar-la-carga-rapida-de-tu-movil-por-la-noche-tecnologia-computerhoy-com\/","title":{"rendered":"Por que no deberias usar la carga rapida de tu movil por la noche | Tecnologia &#8211; ComputerHoy.com"},"content":{"rendered":"<p><img decoding=\"async\" width=\"200\" height=\"86\" src=\"https:\/\/cdn.computerhoy.com\/sites\/navi.axelspringer.es\/public\/styles\/2400\/public\/media\/image\/2020\/04\/carga-rapida-1929209.jpg?itok=vdaS_TgH\" alt=\"carga-rapida-1929209.jpg?itok=vdaS_TgH\" \/><\/p>\n<p><a href=\"https:\/\/computerhoy.com\/noticias\/tecnologia\/no-deberias-usar-carga-rapida-movil-noche-749835?utm_content=buffer60498&amp;utm_medium=Social&amp;utm_source=Facebook&amp;utm_campaign=CH&amp;fbclid=IwAR1rFu6RavpG66IMqAaA9vj0EC51RCPHMvQv7nbj1ByUFdrd5go548Pc2fw\">Por qu\u00e9 no deber\u00edas usar la carga r\u00e1pida de tu m\u00f3vil por la noche | Tecnolog\u00eda &#8211; ComputerHoy.com<\/a><\/p>\n<p>La carga r\u00e1pida es una de las tecnolog\u00edas que m\u00e1s agradecen los usuarios en sus m\u00f3viles, pero no es recomendable utilizarla siempre: hay que cambiar las costumbres.<\/p>\n<p><a href=\"https:\/\/computerhoy.com\/noticias\/tecnologia\/no-deberias-usar-carga-rapida-movil-noche-749835?utm_content=buffer60498&amp;utm_medium=Social&amp;utm_source=Facebook&amp;utm_campaign=CH&amp;fbclid=IwAR1rFu6RavpG66IMqAaA9vj0EC51RCPHMvQv7nbj1ByUFdrd5go548Pc2fw\">https:\/\/computerhoy.com\/noticias\/tecnologia\/no-deberias-usar-carga-rapida-movil-noche-749835?utm_content=buffer60498&amp;utm_medium=Social&amp;utm_source=Facebook&amp;utm_campaign=CH&amp;fbclid=IwAR1rFu6RavpG66IMqAaA9vj0EC51RCPHMvQv7nbj1ByUFdrd5go548Pc2fw<\/a><\/p>\n<p>Enviado desde <a href=\"https:\/\/go.microsoft.com\/fwlink\/?LinkId=550986\"> Correo<\/a> para Windows<\/p>\n","protected":false},"excerpt":{"rendered":"<p>Por qu\u00e9 no deber\u00edas usar la carga r\u00e1pida de tu m\u00f3vil por la noche | Tecnolog\u00eda &#8211; ComputerHoy.com La carga r\u00e1pida es una de las tecnolog\u00edas que m\u00e1s agradecen los usuarios en sus m\u00f3viles, pero no es recomendable utilizarla siempre: hay que cambiar las costumbres. https:\/\/computerhoy.com\/noticias\/tecnologia\/no-deberias-usar-carga-rapida-movil-noche-749835?utm_content=buffer60498&amp;utm_medium=Social&amp;utm_source=Facebook&amp;utm_campaign=CH&amp;fbclid=IwAR1rFu6RavpG66IMqAaA9vj0EC51RCPHMvQv7nbj1ByUFdrd5go548Pc2fw Enviado desde Correo para Windows<\/p>\n","protected":false},"author":3,"featured_media":0,"comment_status":"","ping_status":"","sticky":false,"template":"","format":"standard","meta":{"footnotes":""},"categories":[1],"tags":[],"class_list":["post-3853","post","type-post","status-publish","format-standard","hentry","category-sin-categoria"],"_links":{"self":[{"href":"https:\/\/www.santiagocasas.es\/index.php\/wp-json\/wp\/v2\/posts\/3853","targetHints":{"allow":["GET"]}}],"collection":[{"href":"https:\/\/www.santiagocasas.es\/index.php\/wp-json\/wp\/v2\/posts"}],"about":[{"href":"https:\/\/www.santiagocasas.es\/index.php\/wp-json\/wp\/v2\/types\/post"}],"author":[{"embeddable":true,"href":"https:\/\/www.santiagocasas.es\/index.php\/wp-json\/wp\/v2\/users\/3"}],"replies":[{"embeddable":true,"href":"https:\/\/www.santiagocasas.es\/index.php\/wp-json\/wp\/v2\/comments?post=3853"}],"version-history":[{"count":0,"href":"https:\/\/www.santiagocasas.es\/index.php\/wp-json\/wp\/v2\/posts\/3853\/revisions"}],"wp:attachment":[{"href":"https:\/\/www.santiagocasas.es\/index.php\/wp-json\/wp\/v2\/media?parent=3853"}],"wp:term":[{"taxonomy":"category","embeddable":true,"href":"https:\/\/www.santiagocasas.es\/index.php\/wp-json\/wp\/v2\/categories?post=3853"},{"taxonomy":"post_tag","embeddable":true,"href":"https:\/\/www.santiagocasas.es\/index.php\/wp-json\/wp\/v2\/tags?post=3853"}],"curies":[{"name":"wp","href":"https:\/\/api.w.org\/{rel}","templated":true}]}}