{"id":4024,"date":"2021-11-16T09:04:38","date_gmt":"2021-11-16T08:04:38","guid":{"rendered":"https:\/\/www.santiagocasas.es\/index.php\/2021\/11\/16\/intel-core-i9-12900k-y-core-i5-12600k-alder-lake-anlisis-review-con-caractersticas-precio-y-especificacio-nes\/"},"modified":"2021-11-16T09:04:38","modified_gmt":"2021-11-16T08:04:38","slug":"intel-core-i9-12900k-y-core-i5-12600k-alder-lake-anlisis-review-con-caractersticas-precio-y-especificacio-nes","status":"publish","type":"post","link":"https:\/\/www.santiagocasas.es\/index.php\/2021\/11\/16\/intel-core-i9-12900k-y-core-i5-12600k-alder-lake-anlisis-review-con-caractersticas-precio-y-especificacio-nes\/","title":{"rendered":"Intel Core i9-12900K y Core i5-12600K &#8216;Alder Lake&#8217;, anlisis: review con caractersticas, precio y especificacio nes"},"content":{"rendered":"<p><img decoding=\"async\" width=\"200\" height=\"134\" src=\"https:\/\/i.blogs.es\/0cfe5f\/intelalderlake-ap\/1366_2000.jpeg\" alt=\"1366_2000.jpeg\" \/><\/p>\n<p><a href=\"https:\/\/www.xataka.com\/analisis\/intel-core-i9-12900k-core-i5-12600k-alder-lake-analisis-caracteristicas-precio-especificaciones?utm_content=bufferb3b18&amp;utm_medium=social&amp;utm_source=facebook.com&amp;utm_campaign=buffer&amp;fbclid=IwAR3wMZFWsFylikTvs8dFs-QtA6E2KoPOgfWniyruGcJy-QwUhrsEcxF_V1c\">Intel Core i9-12900K y Core i5-12600K &#8216;Alder Lake&#8217;, an\u00e1lisis: review con caracter\u00edsticas, precio y especificaciones<\/a><\/p>\n<p>Ya est\u00e1n aqu\u00ed. Por fin. Y los hemos probado a fondo. Los nuevos procesadores Intel Core de 12\u00aa generaci\u00f3n con microarquitectura &amp;#039;Alder Lake-S&amp;#039; han llegado&#8230;<\/p>\n<p><a href=\"https:\/\/www.xataka.com\/analisis\/intel-core-i9-12900k-core-i5-12600k-alder-lake-analisis-caracteristicas-precio-especificaciones?utm_content=bufferb3b18&amp;utm_medium=social&amp;utm_source=facebook.com&amp;utm_campaign=buffer&amp;fbclid=IwAR3wMZFWsFylikTvs8dFs-QtA6E2KoPOgfWniyruGcJy-QwUhrsEcxF_V1c\">https:\/\/www.xataka.com\/analisis\/intel-core-i9-12900k-core-i5-12600k-alder-lake-analisis-caracteristicas-precio-especificaciones?utm_content=bufferb3b18&amp;utm_medium=social&amp;utm_source=facebook.com&amp;utm_campaign=buffer&amp;fbclid=IwAR3wMZFWsFylikTvs8dFs-QtA6E2KoPOgfWniyruGcJy-QwUhrsEcxF_V1c<\/a><\/p>\n<p>Enviado desde <a href=\"https:\/\/go.microsoft.com\/fwlink\/?LinkId=550986\"> Correo<\/a> para Windows<\/p>\n","protected":false},"excerpt":{"rendered":"<p>Intel Core i9-12900K y Core i5-12600K &#8216;Alder Lake&#8217;, an\u00e1lisis: review con caracter\u00edsticas, precio y especificaciones Ya est\u00e1n aqu\u00ed. Por fin. Y los hemos probado a fondo. Los nuevos procesadores Intel Core de 12\u00aa generaci\u00f3n con microarquitectura &amp;#039;Alder Lake-S&amp;#039; han llegado&#8230; https:\/\/www.xataka.com\/analisis\/intel-core-i9-12900k-core-i5-12600k-alder-lake-analisis-caracteristicas-precio-especificaciones?utm_content=bufferb3b18&amp;utm_medium=social&amp;utm_source=facebook.com&amp;utm_campaign=buffer&amp;fbclid=IwAR3wMZFWsFylikTvs8dFs-QtA6E2KoPOgfWniyruGcJy-QwUhrsEcxF_V1c Enviado desde Correo para Windows<\/p>\n","protected":false},"author":3,"featured_media":0,"comment_status":"","ping_status":"","sticky":false,"template":"","format":"standard","meta":{"footnotes":""},"categories":[1],"tags":[],"class_list":["post-4024","post","type-post","status-publish","format-standard","hentry","category-sin-categoria"],"_links":{"self":[{"href":"https:\/\/www.santiagocasas.es\/index.php\/wp-json\/wp\/v2\/posts\/4024","targetHints":{"allow":["GET"]}}],"collection":[{"href":"https:\/\/www.santiagocasas.es\/index.php\/wp-json\/wp\/v2\/posts"}],"about":[{"href":"https:\/\/www.santiagocasas.es\/index.php\/wp-json\/wp\/v2\/types\/post"}],"author":[{"embeddable":true,"href":"https:\/\/www.santiagocasas.es\/index.php\/wp-json\/wp\/v2\/users\/3"}],"replies":[{"embeddable":true,"href":"https:\/\/www.santiagocasas.es\/index.php\/wp-json\/wp\/v2\/comments?post=4024"}],"version-history":[{"count":0,"href":"https:\/\/www.santiagocasas.es\/index.php\/wp-json\/wp\/v2\/posts\/4024\/revisions"}],"wp:attachment":[{"href":"https:\/\/www.santiagocasas.es\/index.php\/wp-json\/wp\/v2\/media?parent=4024"}],"wp:term":[{"taxonomy":"category","embeddable":true,"href":"https:\/\/www.santiagocasas.es\/index.php\/wp-json\/wp\/v2\/categories?post=4024"},{"taxonomy":"post_tag","embeddable":true,"href":"https:\/\/www.santiagocasas.es\/index.php\/wp-json\/wp\/v2\/tags?post=4024"}],"curies":[{"name":"wp","href":"https:\/\/api.w.org\/{rel}","templated":true}]}}