{"id":4044,"date":"2022-01-14T10:57:04","date_gmt":"2022-01-14T09:57:04","guid":{"rendered":"https:\/\/www.santiagocasas.es\/index.php\/2022\/01\/14\/14-january-2022-1057\/"},"modified":"2022-02-06T23:50:34","modified_gmt":"2022-02-06T22:50:34","slug":"14-january-2022-1057","status":"publish","type":"post","link":"https:\/\/www.santiagocasas.es\/index.php\/2022\/01\/14\/14-january-2022-1057\/","title":{"rendered":"\u00bfCu\u00e1l es el rango de alcance medio de una red inal\u00e1mbrica?"},"content":{"rendered":"<p><a href=\"https:\/\/comunidad.movistar.es\/t5\/Blog-Movisfera\/Cu%C3%A1l-es-el-rango-de-alcance-medio-de-una-red-inal%C3%A1mbrica\/ba-p\/4661297?utm_source=facebook&amp;utm_medium=soc&amp;utm_content=soc-facebook-comunidad&amp;utm_campaign=rrss-col&amp;tc_alt=4540&amp;fbclid=IwAR0_4DK9LrXwwMFIln3bUi_ONYUPHETIk7AXDe6ooEROlzgorCojiMlnE_M\">\u00bfCu\u00e1l es el rango de alcance medio de una red inal\u00e1mbrica?<\/a><\/p>\n<p>\u00abEl cable ha muerto\u00bb Es un hecho que vivimos en una sociedad cada vez m\u00e1s dependiente de se\u00f1ales inal\u00e1mbricas para establecer sus comunicaciones, una sociedad tecnol\u00f3gica, que cada vez busca con m\u00e1s ah\u00ednco liberarse de las \u00abataduras\u00bb, de las conexiones f\u00edsicas mediante cables. M\u00f3viles, routers&#8230;<\/p>\n<p><a href=\"https:\/\/comunidad.movistar.es\/t5\/Blog-Movisfera\/Cu%C3%A1l-es-el-rango-de-alcance-medio-de-una-red-inal%C3%A1mbrica\/ba-p\/4661297?utm_source=facebook&amp;utm_medium=soc&amp;utm_content=soc-facebook-comunidad&amp;utm_campaign=rrss-col&amp;tc_alt=4540&amp;fbclid=IwAR0_4DK9LrXwwMFIln3bUi_ONYUPHETIk7AXDe6ooEROlzgorCojiMlnE_M\">https:\/\/comunidad.movistar.es\/t5\/Blog-Movisfera\/Cu\u00e1l-es-el-rango-de-alcance-medio-de-una-red-inal\u00e1mbrica\/ba-p\/4661297?utm_source=facebook&amp;utm_medium=soc&amp;utm_content=soc-facebook-comunidad&amp;utm_campaign=rrss-col&amp;tc_alt=4540&amp;fbclid=IwAR0_4DK9LrXwwMFIln3bUi_ONYUPHETIk7AXDe6ooEROlzgorCojiMlnE_M<\/a><\/p>\n<p>Enviado desde <a href=\"https:\/\/go.microsoft.com\/fwlink\/?LinkId=550986\"> Correo<\/a> para Windows<\/p>\n","protected":false},"excerpt":{"rendered":"<p>\u00bfCu\u00e1l es el rango de alcance medio de una red inal\u00e1mbrica? \u00abEl cable ha muerto\u00bb Es un hecho que vivimos en una sociedad cada vez m\u00e1s dependiente de se\u00f1ales inal\u00e1mbricas para establecer sus comunicaciones, una sociedad tecnol\u00f3gica, que cada vez busca con m\u00e1s ah\u00ednco liberarse de las \u00abataduras\u00bb, de las conexiones f\u00edsicas mediante cables. M\u00f3viles,&hellip;<a href=\"https:\/\/www.santiagocasas.es\/index.php\/2022\/01\/14\/14-january-2022-1057\/\" class=\"more-link\">Contin\u00faa leyendo <span class=\"screen-reader-text\">\u00bfCu\u00e1l es el rango de alcance medio de una red inal\u00e1mbrica?<\/span><\/a><\/p>\n","protected":false},"author":3,"featured_media":0,"comment_status":"closed","ping_status":"closed","sticky":false,"template":"","format":"standard","meta":{"footnotes":""},"categories":[1],"tags":[],"class_list":["post-4044","post","type-post","status-publish","format-standard","hentry","category-sin-categoria"],"_links":{"self":[{"href":"https:\/\/www.santiagocasas.es\/index.php\/wp-json\/wp\/v2\/posts\/4044","targetHints":{"allow":["GET"]}}],"collection":[{"href":"https:\/\/www.santiagocasas.es\/index.php\/wp-json\/wp\/v2\/posts"}],"about":[{"href":"https:\/\/www.santiagocasas.es\/index.php\/wp-json\/wp\/v2\/types\/post"}],"author":[{"embeddable":true,"href":"https:\/\/www.santiagocasas.es\/index.php\/wp-json\/wp\/v2\/users\/3"}],"replies":[{"embeddable":true,"href":"https:\/\/www.santiagocasas.es\/index.php\/wp-json\/wp\/v2\/comments?post=4044"}],"version-history":[{"count":1,"href":"https:\/\/www.santiagocasas.es\/index.php\/wp-json\/wp\/v2\/posts\/4044\/revisions"}],"predecessor-version":[{"id":4097,"href":"https:\/\/www.santiagocasas.es\/index.php\/wp-json\/wp\/v2\/posts\/4044\/revisions\/4097"}],"wp:attachment":[{"href":"https:\/\/www.santiagocasas.es\/index.php\/wp-json\/wp\/v2\/media?parent=4044"}],"wp:term":[{"taxonomy":"category","embeddable":true,"href":"https:\/\/www.santiagocasas.es\/index.php\/wp-json\/wp\/v2\/categories?post=4044"},{"taxonomy":"post_tag","embeddable":true,"href":"https:\/\/www.santiagocasas.es\/index.php\/wp-json\/wp\/v2\/tags?post=4044"}],"curies":[{"name":"wp","href":"https:\/\/api.w.org\/{rel}","templated":true}]}}