{"id":486,"date":"2016-09-14T19:38:50","date_gmt":"2016-09-14T17:38:50","guid":{"rendered":"http:\/\/www.santiagocasas.es\/index.php\/2016\/09\/14\/la-union-europea-obligara-a-tener-wi-fi-gratuito-en-espacios-publicos-antes-de-2020-cultura-el-pais\/"},"modified":"2016-09-14T19:38:50","modified_gmt":"2016-09-14T17:38:50","slug":"la-union-europea-obligara-a-tener-wi-fi-gratuito-en-espacios-publicos-antes-de-2020-cultura-el-pais","status":"publish","type":"post","link":"https:\/\/www.santiagocasas.es\/index.php\/2016\/09\/14\/la-union-europea-obligara-a-tener-wi-fi-gratuito-en-espacios-publicos-antes-de-2020-cultura-el-pais\/","title":{"rendered":"La Uni\u00f3n Europea obligar\u00e1 a tener Wi-Fi gratuito en espacios p\u00fablicos antes de 2020 | Cultura  | EL PA\u00cdS"},"content":{"rendered":"<p><a href=\"http:\/\/cultura.elpais.com\/cultura\/2016\/09\/14\/actualidad\/1473868566_897730.html\">http:\/\/cultura.elpais.com\/cultura\/2016\/09\/14\/actualidad\/1473868566_897730.html<\/a><\/p>\n","protected":false},"excerpt":{"rendered":"<p>http:\/\/cultura.elpais.com\/cultura\/2016\/09\/14\/actualidad\/1473868566_897730.html<\/p>\n","protected":false},"author":3,"featured_media":0,"comment_status":"open","ping_status":"open","sticky":false,"template":"","format":"standard","meta":{"footnotes":""},"categories":[1],"tags":[],"class_list":["post-486","post","type-post","status-publish","format-standard","hentry","category-sin-categoria"],"_links":{"self":[{"href":"https:\/\/www.santiagocasas.es\/index.php\/wp-json\/wp\/v2\/posts\/486","targetHints":{"allow":["GET"]}}],"collection":[{"href":"https:\/\/www.santiagocasas.es\/index.php\/wp-json\/wp\/v2\/posts"}],"about":[{"href":"https:\/\/www.santiagocasas.es\/index.php\/wp-json\/wp\/v2\/types\/post"}],"author":[{"embeddable":true,"href":"https:\/\/www.santiagocasas.es\/index.php\/wp-json\/wp\/v2\/users\/3"}],"replies":[{"embeddable":true,"href":"https:\/\/www.santiagocasas.es\/index.php\/wp-json\/wp\/v2\/comments?post=486"}],"version-history":[{"count":0,"href":"https:\/\/www.santiagocasas.es\/index.php\/wp-json\/wp\/v2\/posts\/486\/revisions"}],"wp:attachment":[{"href":"https:\/\/www.santiagocasas.es\/index.php\/wp-json\/wp\/v2\/media?parent=486"}],"wp:term":[{"taxonomy":"category","embeddable":true,"href":"https:\/\/www.santiagocasas.es\/index.php\/wp-json\/wp\/v2\/categories?post=486"},{"taxonomy":"post_tag","embeddable":true,"href":"https:\/\/www.santiagocasas.es\/index.php\/wp-json\/wp\/v2\/tags?post=486"}],"curies":[{"name":"wp","href":"https:\/\/api.w.org\/{rel}","templated":true}]}}