{"id":631,"date":"2016-09-21T17:10:48","date_gmt":"2016-09-21T15:10:48","guid":{"rendered":"http:\/\/www.santiagocasas.es\/index.php\/2016\/09\/21\/el-movil-motor-economico-en-america-latina-economia-el-pais\/"},"modified":"2016-09-21T17:10:48","modified_gmt":"2016-09-21T15:10:48","slug":"el-movil-motor-economico-en-america-latina-economia-el-pais","status":"publish","type":"post","link":"https:\/\/www.santiagocasas.es\/index.php\/2016\/09\/21\/el-movil-motor-economico-en-america-latina-economia-el-pais\/","title":{"rendered":"El m\u00f3vil, motor econ\u00f3mico en Am\u00e9rica Latina | Econom\u00eda | EL PA\u00cdS"},"content":{"rendered":"<p><a href=\"http:\/\/economia.elpais.com\/economia\/2016\/09\/21\/actualidad\/1474417289_145349.html\">http:\/\/economia.elpais.com\/economia\/2016\/09\/21\/actualidad\/1474417289_145349.html<\/a><\/p>\n","protected":false},"excerpt":{"rendered":"<p>http:\/\/economia.elpais.com\/economia\/2016\/09\/21\/actualidad\/1474417289_145349.html<\/p>\n","protected":false},"author":3,"featured_media":0,"comment_status":"open","ping_status":"open","sticky":false,"template":"","format":"standard","meta":{"footnotes":""},"categories":[1],"tags":[],"class_list":["post-631","post","type-post","status-publish","format-standard","hentry","category-sin-categoria"],"_links":{"self":[{"href":"https:\/\/www.santiagocasas.es\/index.php\/wp-json\/wp\/v2\/posts\/631","targetHints":{"allow":["GET"]}}],"collection":[{"href":"https:\/\/www.santiagocasas.es\/index.php\/wp-json\/wp\/v2\/posts"}],"about":[{"href":"https:\/\/www.santiagocasas.es\/index.php\/wp-json\/wp\/v2\/types\/post"}],"author":[{"embeddable":true,"href":"https:\/\/www.santiagocasas.es\/index.php\/wp-json\/wp\/v2\/users\/3"}],"replies":[{"embeddable":true,"href":"https:\/\/www.santiagocasas.es\/index.php\/wp-json\/wp\/v2\/comments?post=631"}],"version-history":[{"count":0,"href":"https:\/\/www.santiagocasas.es\/index.php\/wp-json\/wp\/v2\/posts\/631\/revisions"}],"wp:attachment":[{"href":"https:\/\/www.santiagocasas.es\/index.php\/wp-json\/wp\/v2\/media?parent=631"}],"wp:term":[{"taxonomy":"category","embeddable":true,"href":"https:\/\/www.santiagocasas.es\/index.php\/wp-json\/wp\/v2\/categories?post=631"},{"taxonomy":"post_tag","embeddable":true,"href":"https:\/\/www.santiagocasas.es\/index.php\/wp-json\/wp\/v2\/tags?post=631"}],"curies":[{"name":"wp","href":"https:\/\/api.w.org\/{rel}","templated":true}]}}