{"id":991,"date":"2016-11-17T19:28:07","date_gmt":"2016-11-17T18:28:07","guid":{"rendered":"http:\/\/www.santiagocasas.es\/index.php\/2016\/11\/17\/madrid-y-gipuzkoa-contaran-desde-manana-con-nuevos-prefijos-telefonicos\/"},"modified":"2016-11-17T19:28:07","modified_gmt":"2016-11-17T18:28:07","slug":"madrid-y-gipuzkoa-contaran-desde-manana-con-nuevos-prefijos-telefonicos","status":"publish","type":"post","link":"https:\/\/www.santiagocasas.es\/index.php\/2016\/11\/17\/madrid-y-gipuzkoa-contaran-desde-manana-con-nuevos-prefijos-telefonicos\/","title":{"rendered":"Madrid y Gipuzkoa contar\u00e1n desde ma\u00f1ana con nuevos prefijos telef\u00f3nicos"},"content":{"rendered":"<p>Madrid y Gipuzkoa contar\u00e1n desde ma\u00f1ana con nuevos prefijos telef\u00f3nicos <a href=\"http:\/\/economia.elpais.com\/economia\/2016\/11\/17\/actualidad\/1479381104_115535.html?id_externo_rsoc=TW_CC\">http:\/\/economia.elpais.com\/economia\/2016\/11\/17\/actualidad\/1479381104_115535.html?id_externo_rsoc=TW_CC<\/a> v\u00eda @el_pais<\/p>\n","protected":false},"excerpt":{"rendered":"<p>Madrid y Gipuzkoa contar\u00e1n desde ma\u00f1ana con nuevos prefijos telef\u00f3nicos http:\/\/economia.elpais.com\/economia\/2016\/11\/17\/actualidad\/1479381104_115535.html?id_externo_rsoc=TW_CC v\u00eda @el_pais<\/p>\n","protected":false},"author":3,"featured_media":0,"comment_status":"open","ping_status":"open","sticky":false,"template":"","format":"standard","meta":{"footnotes":""},"categories":[1],"tags":[],"class_list":["post-991","post","type-post","status-publish","format-standard","hentry","category-sin-categoria"],"_links":{"self":[{"href":"https:\/\/www.santiagocasas.es\/index.php\/wp-json\/wp\/v2\/posts\/991","targetHints":{"allow":["GET"]}}],"collection":[{"href":"https:\/\/www.santiagocasas.es\/index.php\/wp-json\/wp\/v2\/posts"}],"about":[{"href":"https:\/\/www.santiagocasas.es\/index.php\/wp-json\/wp\/v2\/types\/post"}],"author":[{"embeddable":true,"href":"https:\/\/www.santiagocasas.es\/index.php\/wp-json\/wp\/v2\/users\/3"}],"replies":[{"embeddable":true,"href":"https:\/\/www.santiagocasas.es\/index.php\/wp-json\/wp\/v2\/comments?post=991"}],"version-history":[{"count":0,"href":"https:\/\/www.santiagocasas.es\/index.php\/wp-json\/wp\/v2\/posts\/991\/revisions"}],"wp:attachment":[{"href":"https:\/\/www.santiagocasas.es\/index.php\/wp-json\/wp\/v2\/media?parent=991"}],"wp:term":[{"taxonomy":"category","embeddable":true,"href":"https:\/\/www.santiagocasas.es\/index.php\/wp-json\/wp\/v2\/categories?post=991"},{"taxonomy":"post_tag","embeddable":true,"href":"https:\/\/www.santiagocasas.es\/index.php\/wp-json\/wp\/v2\/tags?post=991"}],"curies":[{"name":"wp","href":"https:\/\/api.w.org\/{rel}","templated":true}]}}